{"id":25382,"date":"2026-03-19T16:44:16","date_gmt":"2026-03-19T15:44:16","guid":{"rendered":"https:\/\/www.sietrem.fr\/?p=25382"},"modified":"2026-04-01T15:03:34","modified_gmt":"2026-04-01T13:03:34","slug":"des-zones-de-reemploi-en-dechetterie","status":"publish","type":"post","link":"https:\/\/www.sietrem.fr\/en\/des-zones-de-reemploi-en-dechetterie\/","title":{"rendered":"Des zones de r\u00e9emploi en d\u00e9chetterie"},"content":{"rendered":"\n<h2 class=\"wp-block-heading\">D\u00e9posez ce qui peut encore servir<\/h2>\n\n\n\n<p>\u00c0 Chanteloup-en-Brie et Noisiel, des zones de r\u00e9emploi vous permettent de d\u00e9poser vaisselle (hors plastique), objets de d\u00e9coration et petit mobilier (\u00e0 Chanteloup-en-Brie), \u00e0 condition qu\u2019ils soient en bon \u00e9tat.<\/p>\n\n\n\n<h2 class=\"wp-block-heading\">Des objets confi\u00e9s \u00e0 des acteurs locaux<\/h2>\n\n\n\n<p>Les dons sont transmis \u00e0 la Recyclerie de Bussy (Chanteloup-en-Brie) et aux Chineries Camp\u00e9siennes (Noisiel), qui les remettent en circulation.<\/p>\n\n\n\n<h2 class=\"wp-block-heading\">Des v\u00e9los r\u00e9par\u00e9s ou recycl\u00e9s<\/h2>\n\n\n\n<p>Des v\u00e9los sont \u00e9galement r\u00e9cup\u00e9r\u00e9s : par &#8220;Marne et Gondoire \u00e0 v\u00e9los&#8221; \u00e0 Saint-Thibault-des-Vignes, et par la &#8220;M2IE&#8221; \u00e0 Noisiel. Ils sont r\u00e9par\u00e9s, revendus ou utilis\u00e9s en pi\u00e8ces d\u00e9tach\u00e9es, avec un r\u00f4le de formation pour la M2IE.<\/p>\n\n\n\n<div class=\"wp-block-buttons is-content-justification-center is-layout-flex wp-container-core-buttons-is-layout-a89b3969 wp-block-buttons-is-layout-flex\">\n<div class=\"wp-block-button\"><a class=\"wp-block-button__link wp-element-button\">Horaires d&#8217;ouverture des d\u00e9chetteries<\/a><\/div>\n<\/div>\n","protected":false},"excerpt":{"rendered":"<p>D\u00e9posez ce qui peut encore servir \u00c0 Chanteloup-en-Brie et Noisiel, des zones de r\u00e9emploi vous permettent de d\u00e9poser vaisselle (hors plastique), objets de d\u00e9coration et petit mobilier (\u00e0 Chanteloup-en-Brie), \u00e0 [&hellip;]<\/p>\n","protected":false},"author":8,"featured_media":25383,"comment_status":"closed","ping_status":"open","sticky":false,"template":"","format":"standard","meta":{"_acf_changed":false,"_glsr_average":0,"_glsr_ranking":0,"_glsr_reviews":0,"footnotes":""},"categories":[1],"tags":[],"class_list":["post-25382","post","type-post","status-publish","format-standard","has-post-thumbnail","hentry","category-non-categorise"],"acf":[],"_links":{"self":[{"href":"https:\/\/www.sietrem.fr\/en\/wp-json\/wp\/v2\/posts\/25382","targetHints":{"allow":["GET"]}}],"collection":[{"href":"https:\/\/www.sietrem.fr\/en\/wp-json\/wp\/v2\/posts"}],"about":[{"href":"https:\/\/www.sietrem.fr\/en\/wp-json\/wp\/v2\/types\/post"}],"author":[{"embeddable":true,"href":"https:\/\/www.sietrem.fr\/en\/wp-json\/wp\/v2\/users\/8"}],"replies":[{"embeddable":true,"href":"https:\/\/www.sietrem.fr\/en\/wp-json\/wp\/v2\/comments?post=25382"}],"version-history":[{"count":3,"href":"https:\/\/www.sietrem.fr\/en\/wp-json\/wp\/v2\/posts\/25382\/revisions"}],"predecessor-version":[{"id":25727,"href":"https:\/\/www.sietrem.fr\/en\/wp-json\/wp\/v2\/posts\/25382\/revisions\/25727"}],"wp:featuredmedia":[{"embeddable":true,"href":"https:\/\/www.sietrem.fr\/en\/wp-json\/wp\/v2\/media\/25383"}],"wp:attachment":[{"href":"https:\/\/www.sietrem.fr\/en\/wp-json\/wp\/v2\/media?parent=25382"}],"wp:term":[{"taxonomy":"category","embeddable":true,"href":"https:\/\/www.sietrem.fr\/en\/wp-json\/wp\/v2\/categories?post=25382"},{"taxonomy":"post_tag","embeddable":true,"href":"https:\/\/www.sietrem.fr\/en\/wp-json\/wp\/v2\/tags?post=25382"}],"curies":[{"name":"wp","href":"https:\/\/api.w.org\/{rel}","templated":true}]}}